{"id":51669,"date":"2023-03-03T08:15:23","date_gmt":"2023-03-03T07:15:23","guid":{"rendered":"https:\/\/botland.com.pl\/blog\/falszywa-pamiec-i-jej-wybryki-efekt-mandeli\/"},"modified":"2024-07-24T12:29:26","modified_gmt":"2024-07-24T10:29:26","slug":"falsches-gedaechtnis-und-seine-spielchen-der-mandela-effekt","status":"publish","type":"post","link":"https:\/\/botland.de\/blog\/falsches-gedaechtnis-und-seine-spielchen-der-mandela-effekt\/","title":{"rendered":"Falsches Ged\u00e4chtnis und seine Spielchen. Der Mandela-Effekt"},"content":{"rendered":"<span class=\"span-reading-time rt-reading-time\" style=\"display: block;\"><span class=\"rt-label rt-prefix\">Lesezeit<\/span> <span class=\"rt-time\"> 8<\/span> <span class=\"rt-label rt-postfix\">min.<\/span><\/span>\t\t<div data-elementor-type=\"wp-post\" data-elementor-id=\"51669\" class=\"elementor elementor-51669 elementor-17703\" data-elementor-post-type=\"post\">\n\t\t\t\t\t\t<section class=\"elementor-section elementor-top-section elementor-element elementor-element-de08cdb elementor-section-boxed elementor-section-height-default elementor-section-height-default\" data-id=\"de08cdb\" data-element_type=\"section\" data-e-type=\"section\">\n\t\t\t\t\t\t<div class=\"elementor-container elementor-column-gap-default\">\n\t\t\t\t\t<div class=\"elementor-column elementor-col-100 elementor-top-column elementor-element elementor-element-f23ffaf\" data-id=\"f23ffaf\" data-element_type=\"column\" data-e-type=\"column\">\n\t\t\t<div class=\"elementor-widget-wrap elementor-element-populated\">\n\t\t\t\t\t\t<div class=\"elementor-element elementor-element-ad9fb57 elementor-widget elementor-widget-text-editor\" data-id=\"ad9fb57\" data-element_type=\"widget\" data-e-type=\"widget\" data-widget_type=\"text-editor.default\">\n\t\t\t\t<div class=\"elementor-widget-container\">\n\t\t\t\t\t\t\t\t\t<p style=\"text-align: right;\"><i>If you don&#8217;t remember, I&#8217;ll remember it for you.&nbsp;<\/i>(<i>Wenn Sie sich nicht erinnern, werde ich mich f\u00fcr Sie daran erinnern<\/i>).<\/p>\n<p style=\"text-align: right;\">Rutger Hauer als Daniel Lazarski, &gt;observer_ &#8211;<i>&nbsp;<\/i>Spiel des polnischen Studios Bloober Team&nbsp;<\/p>\n\t\t\t\t\t\t\t\t<\/div>\n\t\t\t\t<\/div>\n\t\t\t\t<div class=\"elementor-element elementor-element-9c2a756 elementor-widget elementor-widget-text-editor\" data-id=\"9c2a756\" data-element_type=\"widget\" data-e-type=\"widget\" data-widget_type=\"text-editor.default\">\n\t\t\t\t<div class=\"elementor-widget-container\">\n\t\t\t\t\t\t\t\t\t<p><strong>Der Mandela-Effekt ist ein au\u00dfergew\u00f6hnliches Ph\u00e4nomen, bei dem sich eine gro\u00dfe Gruppe von Menschen an etwas anderes erinnert, als es geschehen ist. Bef\u00fcrworter von Verschw\u00f6rungstheorien glauben, dass es sich um einen Beweis f\u00fcr ein alternatives Universum handelt, w\u00e4hrend die Wissenschaft an ihrer Ansicht festh\u00e4lt, das Ph\u00e4nomen als Illustration daf\u00fcr zu verwenden, wie unvollkommen das Ged\u00e4chtnis manchmal sein kann. <\/strong><\/p>\n\t\t\t\t\t\t\t\t<\/div>\n\t\t\t\t<\/div>\n\t\t\t\t<div class=\"elementor-element elementor-element-ebff325 elementor-widget elementor-widget-text-editor\" data-id=\"ebff325\" data-element_type=\"widget\" data-e-type=\"widget\" data-widget_type=\"text-editor.default\">\n\t\t\t\t<div class=\"elementor-widget-container\">\n\t\t\t\t\t\t\t\t\t<p>In der Psychologie versteht man unter einem falschen Ged\u00e4chtnis das Ph\u00e4nomen, dass sich jemand an etwas erinnert, das nicht stattgefunden hat, oder sich anders daran erinnert, als es tats\u00e4chlich geschehen ist. Suggestivit\u00e4t, die Aktivierung von assoziierten Informationen, die Aufnahme falscher Informationen und schlie\u00dflich die falsche Zuordnung der Quelle wurden als verschiedene Mechanismen vorgeschlagen, die den verschiedenen Arten von falschen Erinnerungen zugrunde liegen. <\/p>\n\t\t\t\t\t\t\t\t<\/div>\n\t\t\t\t<\/div>\n\t\t\t\t<div class=\"elementor-element elementor-element-a185c10 elementor-widget elementor-widget-text-editor\" data-id=\"a185c10\" data-element_type=\"widget\" data-e-type=\"widget\" data-widget_type=\"text-editor.default\">\n\t\t\t\t<div class=\"elementor-widget-container\">\n\t\t\t\t\t\t\t\t\t<p>Der Gr\u00fcnder der Psychoanalyse, <span style=\"font-size: 1rem;\">Sigmund Freud<\/span>,<span style=\"font-size: 1rem;\"> war fasziniert von der Art und Weise, wie es ausgenutzt und manipuliert werden konnte. Freud und dem franz\u00f6sischen Neurologen Pierre Janet wird ein wichtiger Beitrag zur heutigen Ged\u00e4chtnisforschung zugeschrieben, einschlie\u00dflich der Erforschung des falschen Ged\u00e4chtnisses &#8211; letzterer schlug beispielsweise vor, das Ged\u00e4chtnis durch Hypnose wiederzuerlangen. Wir werden versuchen, das Ph\u00e4nomen heute durch das Prisma von uns nahen Beispielen zu betrachten, und auf die Theorie eines Paralleluniversums verzichten.   <\/span><\/p>\n\t\t\t\t\t\t\t\t<\/div>\n\t\t\t\t<\/div>\n\t\t\t\t<div class=\"elementor-element elementor-element-5b6e84b elementor-widget elementor-widget-heading\" data-id=\"5b6e84b\" data-element_type=\"widget\" data-e-type=\"widget\" data-widget_type=\"heading.default\">\n\t\t\t\t<div class=\"elementor-widget-container\">\n\t\t\t\t\t<h2 class=\"elementor-heading-title elementor-size-default\">Soziale Experimente<\/h2>\t\t\t\t<\/div>\n\t\t\t\t<\/div>\n\t\t\t\t<div class=\"elementor-element elementor-element-db22944 elementor-widget elementor-widget-text-editor\" data-id=\"db22944\" data-element_type=\"widget\" data-e-type=\"widget\" data-widget_type=\"text-editor.default\">\n\t\t\t\t<div class=\"elementor-widget-container\">\n\t\t\t\t\t\t\t\t\t<p>Bei Tests von Elizabeth Loftus und John Palmer im Jahr 1974 wurden interessante Ph\u00e4nomene im Zusammenhang mit Ged\u00e4chtnis und Suggestion festgestellt. An dem Experiment nahmen 45 Personen teil. Die Teilnehmer wurden nach dem Zufallsprinzip ausgew\u00e4hlt, um Videos von Autounf\u00e4llen zu sehen. Gezeigt wurden Zusammenst\u00f6\u00dfe von Autos mit einer Geschwindigkeit von 32 km\/h, 48 km\/h und 64 km\/h. Auf dem Fragebogen wurde gefragt: Mit welcher Geschwindigkeit waren diese Autos ungef\u00e4hr unterwegs, als sie miteinander kollidierten?     <\/p>\n<p>Die Frage f\u00fcr die gesamte Gruppe der Befragten bezog sich auf dieselbe Sache, klang aber anders. Eine Gruppe verwendete in Bezug auf die Autos das Verb &#8220;in Kontakt kommen&#8221;, eine andere das Wort &#8220;kollidieren&#8221; und eine weitere das Wort &#8220;krachen&#8221;. Das Wort, mit dem der Zusammensto\u00df beschrieben wurde, schien die Geschwindigkeitseinsch\u00e4tzung der Befragten besser vorherzusagen als die Geschwindigkeit selbst &#8211; der Durchschnitt stieg mit dem Begriff &#8220;Zusammensto\u00df&#8221; an, so dass in der dritten Gruppe, in der der Zusammensto\u00df mit dem Ausdruck &#8221; krachen&#8221; beschrieben wurde, die h\u00f6chste Geschwindigkeit angegeben wurde. In einem \u00e4hnlichen Test wurde nach zerbrochenem Glas gefragt. Diejenigen, die die Geschwindigkeit des Aufpralls als am h\u00f6chsten einstuften, sahen es auf dem Video, w\u00e4hrend die \u00fcbrigen kein Glas sahen.     <\/p>\n\t\t\t\t\t\t\t\t<\/div>\n\t\t\t\t<\/div>\n\t\t\t\t<div class=\"elementor-element elementor-element-22d7dc6 elementor-widget elementor-widget-heading\" data-id=\"22d7dc6\" data-element_type=\"widget\" data-e-type=\"widget\" data-widget_type=\"heading.default\">\n\t\t\t\t<div class=\"elementor-widget-container\">\n\t\t\t\t\t<h2 class=\"elementor-heading-title elementor-size-default\">Spielen Sie nicht mit dem Ged\u00e4chtnis<\/h2>\t\t\t\t<\/div>\n\t\t\t\t<\/div>\n\t\t\t\t<div class=\"elementor-element elementor-element-9e05fef elementor-widget elementor-widget-text-editor\" data-id=\"9e05fef\" data-element_type=\"widget\" data-e-type=\"widget\" data-widget_type=\"text-editor.default\">\n\t\t\t\t<div class=\"elementor-widget-container\">\n\t\t\t\t\t\t\t\t\t<p>Wir haben auch etwas Platz f\u00fcr die Geschichte eines Neurologen gefunden, der sein Gehirn hackte &#8211; und dabei fast den Verstand verlor. Ende der 1990er Jahre geriet er in die Schlagzeilen, weil er einem gel\u00e4hmten Mann mehrere verdrahtete Elektroden ins Gehirn implantierte, die es ihm erm\u00f6glichten, einen Computercursor &#8220;fernzusteuern&#8221;.   <span style=\"font-size: 1rem;\">Von diesem Moment an widmete Phil Kennedy seine Karriere dem Traum, immer bessere Cyborgs zu bauen und die vollst\u00e4ndige Digitalisierung der menschlichen Gedanken zu erreichen, d. h. die bestm\u00f6gliche Gehirn-Computer-Schnittstelle f\u00fcr das Ged\u00e4chtnis zu schaffen. Schlie\u00dflich beschloss er, dass es am besten w\u00e4re, wenn er die n\u00e4chste Operation an sich selbst durchf\u00fchren w\u00fcrde. Nat\u00fcrlich nicht <i>an sich selbst<\/i>, sondern wenn das Objekt der Operation sein eigenes Gehirn ist.   <\/span><\/p>\n<p>Die Gehirnoperation von Phil Kennedy dauerte 11,5 Stunden. Nachdem die Narkose abgeklungen war, kam einer der operierenden \u00c4rzte in den Raum, nahm seine Brille ab und zeigte sie seinem bandagierten Kollegen. &#8220;Was ist das?&#8221; &#8211; fragte er. Phil Kennedy starrte die Brille einen Moment lang an. Dann wanderte sein Blick an die Decke und zum Fernseher. Er begann zu stammeln. &#8220;Es ist alles in Ordnung, lassen Sie sich Zeit&#8221;, sagte Joel Cervantes, der Chirurg, sanft und versuchte, den Patienten zu beruhigen.      <\/p><\/p>\n\t\t\t\t\t\t\t\t<\/div>\n\t\t\t\t<\/div>\n\t\t\t\t<div class=\"elementor-element elementor-element-c35b5c5 elementor-widget elementor-widget-text-editor\" data-id=\"c35b5c5\" data-element_type=\"widget\" data-e-type=\"widget\" data-widget_type=\"text-editor.default\">\n\t\t\t\t<div class=\"elementor-widget-container\">\n\t\t\t\t\t\t\t\t\t<p>Als Kennedy wieder zu reagieren versuchte, war es, als w\u00fcrde er versuchen, sein Gehirn zur Arbeit zu zwingen, wie jemand mit Halsschmerzen, der versucht, einen Schluck hei\u00dfen Tee zu schlucken. Zwei Tage nach der Operation sa\u00df er aufrecht im Bett, als pl\u00f6tzlich sein Kiefer zu knirschen begann, seine H\u00e4nde und Arme unkontrollierbar zitterten und seine Betreuer davon \u00fcberzeugt waren, dass der Anfall Kennedy alle Z\u00e4hne ausbrechen w\u00fcrde. Nachdem er einen Stift in die Hand genommen hatte, schrieb er wahllos eine Reihe von Buchstaben auf.  <\/p>\n<p>Zun\u00e4chst schien der Eingriff, mit dem Cervantes von Kennedy beauftragt wurde &#8211; die Implantation einer Serie von Glas- und Golddrahtelektroden unter die Oberfl\u00e4che seines eigenen Gehirns &#8211; gut zu verlaufen. Die Genesung erwies sich jedoch als problematisch. Er hatte nach wie vor Schwierigkeiten, seine Gedanken in Worte zu fassen. &#8220;Er sprach nicht mehr vern\u00fcnftig. (&#8230;) Er entschuldigte sich st\u00e4ndig: <i>Es tat ihm leid<\/i> und <i>es tat ihm leid<\/i>, weil er nichts anderes sagen konnte&#8221;. &#8211; bemerkte Paul Powton, ein Obstbauer aus Belize, wo die Operation stattfand, und sp\u00e4terer Gr\u00fcnder von Quality of Life Surgery.     <\/p>\n<p>Kennedy konnte immer noch Silben aussprechen und zuf\u00e4llig ein paar verstreute W\u00f6rter zusammensetzen, aber er schien den Klebstoff verloren zu haben, der sie zu S\u00e4tzen zusammenf\u00fcgte. <span style=\"font-size: 1rem;\">Nach einigen Monaten unterzog er sich weiteren Operationen. Seit November 2010 arbeitet er an der Verwendung einer Elektrode f\u00fcr die Sprachsynthese. Nur nebenbei bemerkt.   <\/span><\/p>\n\t\t\t\t\t\t\t\t<\/div>\n\t\t\t\t<\/div>\n\t\t\t\t<div class=\"elementor-element elementor-element-c3d7cb1 elementor-widget elementor-widget-heading\" data-id=\"c3d7cb1\" data-element_type=\"widget\" data-e-type=\"widget\" data-widget_type=\"heading.default\">\n\t\t\t\t<div class=\"elementor-widget-container\">\n\t\t\t\t\t<h2 class=\"elementor-heading-title elementor-size-default\">Selektive Aufmerksamkeit<\/h2>\t\t\t\t<\/div>\n\t\t\t\t<\/div>\n\t\t\t\t<div class=\"elementor-element elementor-element-f077ade elementor-widget elementor-widget-text-editor\" data-id=\"f077ade\" data-element_type=\"widget\" data-e-type=\"widget\" data-widget_type=\"text-editor.default\">\n\t\t\t\t<div class=\"elementor-widget-container\">\n\t\t\t\t\t\t\t\t\t<p>Im Folgenden finden Sie das Originalvideo des ber\u00fchmten Tests der Psychologen und Kognitionswissenschaftler Daniel Simons und Christopher Chabris, der auf YouTube \u00fcber 25 Millionen Mal aufgerufen wurde. Versuchen Sie, sich das Material zun\u00e4chst ohne unseren Kommentar anzusehen. Wir werden Sie sp\u00e4ter etwas fragen. Die Aufgabe besteht darin, <b>zu z\u00e4hlen, wie oft die Personen in den wei\u00dfen Trikots den Ball weitergegeben haben<\/b>.    <\/p>\n\t\t\t\t\t\t\t\t<\/div>\n\t\t\t\t<\/div>\n\t\t\t\t<div class=\"elementor-element elementor-element-0662555 elementor-widget elementor-widget-video\" data-id=\"0662555\" data-element_type=\"widget\" data-e-type=\"widget\" data-settings=\"{&quot;youtube_url&quot;:&quot;https:\\\/\\\/www.youtube.com\\\/watch?v=vJG698U2Mvo&quot;,&quot;video_type&quot;:&quot;youtube&quot;,&quot;controls&quot;:&quot;yes&quot;}\" data-widget_type=\"video.default\">\n\t\t\t\t<div class=\"elementor-widget-container\">\n\t\t\t\t\t\t\t<div class=\"elementor-wrapper elementor-open-inline\">\n\t\t\t<div class=\"elementor-video\"><\/div>\t\t<\/div>\n\t\t\t\t\t\t<\/div>\n\t\t\t\t<\/div>\n\t\t\t\t<div class=\"elementor-element elementor-element-a9002e0 elementor-widget elementor-widget-text-editor\" data-id=\"a9002e0\" data-element_type=\"widget\" data-e-type=\"widget\" data-widget_type=\"text-editor.default\">\n\t\t\t\t<div class=\"elementor-widget-container\">\n\t\t\t\t\t\t\t\t\t<p>Der Test ist wiederholt kritisiert worden, aber in vielen F\u00e4llen&#8230;<\/p>\n<\/p>\n<p>&#8230; niemand hat den Gorilla in der Mitte des Raumes bemerkt. Wenn du diesen Test schon kennst, und die Chancen stehen gut, dass du ihn kennst, denn er ist ziemlich beliebt, dann hast du dich sicher nicht get\u00e4uscht. Wenn Sie es geschafft haben, einen Crossdresser zu erkennen, obwohl Sie das Experiment nicht kennen, dann herzlichen Gl\u00fcckwunsch. Es dient dazu, ein Ph\u00e4nomen zu demonstrieren. Unser Gehirn lehnt bestimmte Informationen ab. Diese begrenzte Aufmerksamkeitskapazit\u00e4t wurde als enger Flaschenhals beschrieben, der den Informationsfluss einschr\u00e4nkt. Je enger dieser Flaschenhals ist, desto geringer ist die Durchflussrate.      <\/p>\n<p>Ein ebenso interessantes Beispiel ist der Austausch einer Person. Die Door Study ist eine Studie von Daniel Simons und Daniel Levin aus dem Jahr 1998, bei der die Teilnehmer nicht bemerken, dass die Person, mit der sie sprechen, durch eine andere ersetzt wird. Wenn der Passant nach dem Weg gefragt wird, ist er so sehr darauf konzentriert, sich an die Lage des Ortes zu erinnern, dass er \u00fcberhaupt nicht darauf achtet, mit wem er spricht.   <\/p>\n\t\t\t\t\t\t\t\t<\/div>\n\t\t\t\t<\/div>\n\t\t\t\t<div class=\"elementor-element elementor-element-4b649bc elementor-widget elementor-widget-video\" data-id=\"4b649bc\" data-element_type=\"widget\" data-e-type=\"widget\" data-settings=\"{&quot;youtube_url&quot;:&quot;https:\\\/\\\/www.youtube.com\\\/watch?v=FWSxSQsspiQ&quot;,&quot;video_type&quot;:&quot;youtube&quot;,&quot;controls&quot;:&quot;yes&quot;}\" data-widget_type=\"video.default\">\n\t\t\t\t<div class=\"elementor-widget-container\">\n\t\t\t\t\t\t\t<div class=\"elementor-wrapper elementor-open-inline\">\n\t\t\t<div class=\"elementor-video\"><\/div>\t\t<\/div>\n\t\t\t\t\t\t<\/div>\n\t\t\t\t<\/div>\n\t\t\t\t<div class=\"elementor-element elementor-element-a858922 elementor-widget elementor-widget-text-editor\" data-id=\"a858922\" data-element_type=\"widget\" data-e-type=\"widget\" data-widget_type=\"text-editor.default\">\n\t\t\t\t<div class=\"elementor-widget-container\">\n\t\t\t\t\t\t\t\t\t<p>Kurz und knapp und mit einer gedanklichen Abk\u00fcrzung: Wir werden st\u00e4ndig mit einer endlosen Reihe von Reizen, Gedanken und Gef\u00fchlen bombardiert. Einiges davon str\u00f6mt von au\u00dfen auf uns ein. Angesichts dieser F\u00fclle an verf\u00fcgbaren Daten ist es erstaunlich, dass es uns gelingt, irgendetwas zu verstehen. Der Dichter und Dramatiker T. S. Elliot fragte einmal recht philosophisch: <i>where is the knowledge we have lost in information?<\/i> Das hei\u00dft: Wo ist das ganze Wissen, das wir in der Information verloren haben? Wir sammeln ein Gewirr von Daten, und nur wenn wir sie interpretieren, k\u00f6nnen wir ihnen einen Sinn geben und sie in Informationen verwandeln. Mit unterschiedlicher Effizienz haben wir die F\u00e4higkeit entwickelt, uns auf das zu konzentrieren, was wichtig ist, und den Rest auszublenden. Es ist ein bisschen wie ein Notstromschalter &#8211; ein Abwehrmechanismus, der uns vor einer \u00dcberlastung des Systems sch\u00fctzt.        <\/p>\n\t\t\t\t\t\t\t\t<\/div>\n\t\t\t\t<\/div>\n\t\t\t\t<div class=\"elementor-element elementor-element-8b29b08 elementor-widget elementor-widget-image\" data-id=\"8b29b08\" data-element_type=\"widget\" data-e-type=\"widget\" data-widget_type=\"image.default\">\n\t\t\t\t<div class=\"elementor-widget-container\">\n\t\t\t\t\t\t\t\t\t\t\t\t\t\t\t<img fetchpriority=\"high\" decoding=\"async\" width=\"800\" height=\"248\" src=\"https:\/\/botland.de\/blog\/wp-content\/uploads\/2023\/03\/butelka-1024x317-1.jpg\" class=\"attachment-large size-large wp-image-84720\" alt=\"\" srcset=\"https:\/\/botland.de\/blog\/wp-content\/uploads\/2023\/03\/butelka-1024x317-1.jpg 1024w, https:\/\/botland.de\/blog\/wp-content\/uploads\/2023\/03\/butelka-1024x317-1-300x93.jpg 300w, https:\/\/botland.de\/blog\/wp-content\/uploads\/2023\/03\/butelka-1024x317-1-768x238.jpg 768w\" sizes=\"(max-width: 800px) 100vw, 800px\" \/>\t\t\t\t\t\t\t\t\t\t\t\t\t\t\t<\/div>\n\t\t\t\t<\/div>\n\t\t\t\t<div class=\"elementor-element elementor-element-4e16970 elementor-widget elementor-widget-text-editor\" data-id=\"4e16970\" data-element_type=\"widget\" data-e-type=\"widget\" data-widget_type=\"text-editor.default\">\n\t\t\t\t<div class=\"elementor-widget-container\">\n\t\t\t\t\t\t\t\t\t<p><span style=\"font-size: 1rem;\">In extremen F\u00e4llen bezeichnen Psychologen und Psychiater solche Mechanismen als Dissoziation, abgeleitet vom lateinischen Wort<\/span> <i style=\"font-size: 1rem;\">dissociatio<\/i> <span style=\"font-size: 1rem;\">&#8211; Trennung. Dieser Begriff umfasst eine Reihe von Erfahrungen und Verhaltensweisen, die mit einem Gef\u00fchl der Trennung von der Realit\u00e4t verbunden sind. Zu den dissoziativen St\u00f6rungen geh\u00f6ren das Gef\u00fchl, die Welt sei unwirklich, Ged\u00e4chtnisl\u00fccken und der Versuch, eine neue Identit\u00e4t zu konstruieren &#8211; eine neurotische St\u00f6rung, die als dissoziative Fuge bezeichnet wird. Die Betroffenen erleben oft auch ungew\u00f6hnliche Empfindungen wie Kribbeln, Hitzewallungen oder einen Verlust der Schmerzempfindlichkeit.    <\/span><\/p>\n\t\t\t\t\t\t\t\t<\/div>\n\t\t\t\t<\/div>\n\t\t\t\t<div class=\"elementor-element elementor-element-4687a6c elementor-widget elementor-widget-heading\" data-id=\"4687a6c\" data-element_type=\"widget\" data-e-type=\"widget\" data-widget_type=\"heading.default\">\n\t\t\t\t<div class=\"elementor-widget-container\">\n\t\t\t\t\t<h2 class=\"elementor-heading-title elementor-size-default\">1. Der Mandela-Effekt als... Mandela-Effekt.<\/h2>\t\t\t\t<\/div>\n\t\t\t\t<\/div>\n\t\t\t\t<section class=\"elementor-section elementor-inner-section elementor-element elementor-element-453efc7 elementor-section-boxed elementor-section-height-default elementor-section-height-default\" data-id=\"453efc7\" data-element_type=\"section\" data-e-type=\"section\">\n\t\t\t\t\t\t<div class=\"elementor-container elementor-column-gap-default\">\n\t\t\t\t\t<div class=\"elementor-column elementor-col-50 elementor-inner-column elementor-element elementor-element-0050af3\" data-id=\"0050af3\" data-element_type=\"column\" data-e-type=\"column\">\n\t\t\t<div class=\"elementor-widget-wrap elementor-element-populated\">\n\t\t\t\t\t\t<div class=\"elementor-element elementor-element-ac720d6 elementor-widget elementor-widget-text-editor\" data-id=\"ac720d6\" data-element_type=\"widget\" data-e-type=\"widget\" data-widget_type=\"text-editor.default\">\n\t\t\t\t<div class=\"elementor-widget-container\">\n\t\t\t\t\t\t\t\t\t<p>Kehren wir zu dem Grund zur\u00fcck, warum wir alle zusammen auf dem Blog und auf der Seite f\u00fcr den heutigen Artikel sind. Nelson Mandela, nach dem diese Theorie benannt ist, ist 2013 gestorben. Unz\u00e4hlige Menschen erinnern sich jedoch deutlich daran, dass er in den 1980er Jahren im Gef\u00e4ngnis gestorben ist. Das war nicht der Fall.    <\/p>\n<\/p>\n<p>Der angebliche Tod des s\u00fcdafrikanischen F\u00fchrers im Gef\u00e4ngnis ist nicht das einzige Beispiel f\u00fcr den Mandela-Effekt. Wir irren uns bei vielen Daten, Details und mehr. Es gibt mehr &#8220;verzerrte Erinnerungen&#8221; in der Geschichte &#8211; und Mandela war schlie\u00dflich eine weltber\u00fchmte Pers\u00f6nlichkeit, \u00fcber die im Zusammenhang mit der Apartheit und dem politischen Wandel in S\u00fcdafrika in der ganzen Welt gesprochen wurde. Gleichzeitig ist dies das erste Beispiel f\u00fcr ein Ph\u00e4nomen, bei dem eine falsche Erinnerung von ganzen Bev\u00f6lkerungsschichten geteilt wird.   <\/p>\n\t\t\t\t\t\t\t\t<\/div>\n\t\t\t\t<\/div>\n\t\t\t\t\t<\/div>\n\t\t<\/div>\n\t\t\t\t<div class=\"elementor-column elementor-col-50 elementor-inner-column elementor-element elementor-element-05a5848\" data-id=\"05a5848\" data-element_type=\"column\" data-e-type=\"column\">\n\t\t\t<div class=\"elementor-widget-wrap elementor-element-populated\">\n\t\t\t\t\t\t<div class=\"elementor-element elementor-element-59a7243 elementor-widget elementor-widget-image\" data-id=\"59a7243\" data-element_type=\"widget\" data-e-type=\"widget\" data-widget_type=\"image.default\">\n\t\t\t\t<div class=\"elementor-widget-container\">\n\t\t\t\t\t\t\t\t\t\t\t\t\t\t\t<img decoding=\"async\" width=\"629\" height=\"1024\" src=\"https:\/\/botland.de\/blog\/wp-content\/uploads\/2021\/03\/11206285456_6b5da7bb8f_b.jpg\" class=\"attachment-large size-large wp-image-47624\" alt=\"\" srcset=\"https:\/\/botland.de\/blog\/wp-content\/uploads\/2021\/03\/11206285456_6b5da7bb8f_b.jpg 629w, https:\/\/botland.de\/blog\/wp-content\/uploads\/2021\/03\/11206285456_6b5da7bb8f_b-184x300.jpg 184w\" sizes=\"(max-width: 629px) 100vw, 629px\" \/>\t\t\t\t\t\t\t\t\t\t\t\t\t\t\t<\/div>\n\t\t\t\t<\/div>\n\t\t\t\t\t<\/div>\n\t\t<\/div>\n\t\t\t\t\t<\/div>\n\t\t<\/section>\n\t\t\t\t\t<\/div>\n\t\t<\/div>\n\t\t\t\t\t<\/div>\n\t\t<\/section>\n\t\t\t\t<section class=\"elementor-section elementor-top-section elementor-element elementor-element-7b7b8ef elementor-section-boxed elementor-section-height-default elementor-section-height-default\" data-id=\"7b7b8ef\" data-element_type=\"section\" data-e-type=\"section\">\n\t\t\t\t\t\t<div class=\"elementor-container elementor-column-gap-default\">\n\t\t\t\t\t<div class=\"elementor-column elementor-col-100 elementor-top-column elementor-element elementor-element-3e01353\" data-id=\"3e01353\" data-element_type=\"column\" data-e-type=\"column\">\n\t\t\t<div class=\"elementor-widget-wrap elementor-element-populated\">\n\t\t\t\t\t\t<div class=\"elementor-element elementor-element-cab32f1 elementor-widget elementor-widget-heading\" data-id=\"cab32f1\" data-element_type=\"widget\" data-e-type=\"widget\" data-widget_type=\"heading.default\">\n\t\t\t\t<div class=\"elementor-widget-container\">\n\t\t\t\t\t<h3 class=\"elementor-heading-title elementor-size-default\">2. verr\u00fcckte Melodien von Looney Tunes<\/h3>\t\t\t\t<\/div>\n\t\t\t\t<\/div>\n\t\t\t\t<div class=\"elementor-element elementor-element-0494d0f elementor-widget elementor-widget-text-editor\" data-id=\"0494d0f\" data-element_type=\"widget\" data-e-type=\"widget\" data-widget_type=\"text-editor.default\">\n\t\t\t\t<div class=\"elementor-widget-container\">\n\t\t\t\t\t\t\t\t\t<p>Toons sind einfach Toons &#8211; animierte Figuren. Obwohl <i>Tunes<\/i>, d. h. T\u00f6ne, hier genauso viel Sinn machen wie <i>Toons<\/i>, zeigt das Logo eindeutig das Wort <i>Tunes<\/i>, das auf die polnische \u00dcbersetzung des Zeichentrickfilms <i>verr\u00fcckte Melodien<\/i> verweist. <\/p>\n\t\t\t\t\t\t\t\t<\/div>\n\t\t\t\t<\/div>\n\t\t\t\t<div class=\"elementor-element elementor-element-60a80f2 elementor-widget elementor-widget-image\" data-id=\"60a80f2\" data-element_type=\"widget\" data-e-type=\"widget\" data-widget_type=\"image.default\">\n\t\t\t\t<div class=\"elementor-widget-container\">\n\t\t\t\t\t\t\t\t\t\t\t\t\t\t\t<img decoding=\"async\" width=\"300\" height=\"150\" src=\"https:\/\/botland.de\/blog\/wp-content\/uploads\/2021\/03\/tunes-300x150.jpg\" class=\"attachment-medium size-medium wp-image-47625\" alt=\"\" srcset=\"https:\/\/botland.de\/blog\/wp-content\/uploads\/2021\/03\/tunes-300x150.jpg 300w, https:\/\/botland.de\/blog\/wp-content\/uploads\/2021\/03\/tunes.jpg 500w\" sizes=\"(max-width: 300px) 100vw, 300px\" \/>\t\t\t\t\t\t\t\t\t\t\t\t\t\t\t<\/div>\n\t\t\t\t<\/div>\n\t\t\t\t<div class=\"elementor-element elementor-element-365296e elementor-widget elementor-widget-heading\" data-id=\"365296e\" data-element_type=\"widget\" data-e-type=\"widget\" data-widget_type=\"heading.default\">\n\t\t\t\t<div class=\"elementor-widget-container\">\n\t\t\t\t\t<h3 class=\"elementor-heading-title elementor-size-default\">3. der Schwanz von Pikachu<\/h3>\t\t\t\t<\/div>\n\t\t\t\t<\/div>\n\t\t\t\t<div class=\"elementor-element elementor-element-339228d elementor-widget elementor-widget-text-editor\" data-id=\"339228d\" data-element_type=\"widget\" data-e-type=\"widget\" data-widget_type=\"text-editor.default\">\n\t\t\t\t<div class=\"elementor-widget-container\">\n\t\t\t\t\t\t\t\t\t<p>Der Schwanz des ber\u00fchmtesten aller Pok\u00e9mon ist einheitlich gelb. Viele erinnern sich an den Blitz am Ende, und wenn man beide Versionen von Pikachu nebeneinander sieht, haben viele von uns ein Problem.  <\/p>\n\t\t\t\t\t\t\t\t<\/div>\n\t\t\t\t<\/div>\n\t\t\t\t<div class=\"elementor-element elementor-element-9a34df3 elementor-widget elementor-widget-image\" data-id=\"9a34df3\" data-element_type=\"widget\" data-e-type=\"widget\" data-widget_type=\"image.default\">\n\t\t\t\t<div class=\"elementor-widget-container\">\n\t\t\t\t\t\t\t\t\t\t\t\t\t\t\t<img loading=\"lazy\" decoding=\"async\" width=\"300\" height=\"150\" src=\"https:\/\/botland.de\/blog\/wp-content\/uploads\/2021\/03\/pikachu-300x150.jpg\" class=\"attachment-medium size-medium wp-image-47626\" alt=\"\" srcset=\"https:\/\/botland.de\/blog\/wp-content\/uploads\/2021\/03\/pikachu-300x150.jpg 300w, https:\/\/botland.de\/blog\/wp-content\/uploads\/2021\/03\/pikachu.jpg 500w\" sizes=\"(max-width: 300px) 100vw, 300px\" \/>\t\t\t\t\t\t\t\t\t\t\t\t\t\t\t<\/div>\n\t\t\t\t<\/div>\n\t\t\t\t<div class=\"elementor-element elementor-element-1d575bb elementor-widget elementor-widget-heading\" data-id=\"1d575bb\" data-element_type=\"widget\" data-e-type=\"widget\" data-widget_type=\"heading.default\">\n\t\t\t\t<div class=\"elementor-widget-container\">\n\t\t\t\t\t<h3 class=\"elementor-heading-title elementor-size-default\">4. das silberne Bein von C3PO<\/h3>\t\t\t\t<\/div>\n\t\t\t\t<\/div>\n\t\t\t\t<div class=\"elementor-element elementor-element-f785b06 elementor-widget elementor-widget-text-editor\" data-id=\"f785b06\" data-element_type=\"widget\" data-e-type=\"widget\" data-widget_type=\"text-editor.default\">\n\t\t\t\t<div class=\"elementor-widget-container\">\n\t\t\t\t\t\t\t\t\t<p>Der Freund von R2D2 aus der Star Wars-Saga ist keineswegs nur Gold. <\/p>\n\t\t\t\t\t\t\t\t<\/div>\n\t\t\t\t<\/div>\n\t\t\t\t<div class=\"elementor-element elementor-element-97899ef elementor-widget elementor-widget-image\" data-id=\"97899ef\" data-element_type=\"widget\" data-e-type=\"widget\" data-widget_type=\"image.default\">\n\t\t\t\t<div class=\"elementor-widget-container\">\n\t\t\t\t\t\t\t\t\t\t\t\t\t\t\t<img loading=\"lazy\" decoding=\"async\" width=\"300\" height=\"150\" src=\"https:\/\/botland.de\/blog\/wp-content\/uploads\/2021\/03\/c3po-300x150.jpg\" class=\"attachment-medium size-medium wp-image-47627\" alt=\"\" srcset=\"https:\/\/botland.de\/blog\/wp-content\/uploads\/2021\/03\/c3po-300x150.jpg 300w, https:\/\/botland.de\/blog\/wp-content\/uploads\/2021\/03\/c3po.jpg 500w\" sizes=\"(max-width: 300px) 100vw, 300px\" \/>\t\t\t\t\t\t\t\t\t\t\t\t\t\t\t<\/div>\n\t\t\t\t<\/div>\n\t\t\t\t<div class=\"elementor-element elementor-element-7d4ab17 elementor-widget elementor-widget-heading\" data-id=\"7d4ab17\" data-element_type=\"widget\" data-e-type=\"widget\" data-widget_type=\"heading.default\">\n\t\t\t\t<div class=\"elementor-widget-container\">\n\t\t\t\t\t<h3 class=\"elementor-heading-title elementor-size-default\">5. Luke, ich bin dein Vater<\/h3>\t\t\t\t<\/div>\n\t\t\t\t<\/div>\n\t\t\t\t<div class=\"elementor-element elementor-element-c6d1da3 elementor-widget elementor-widget-text-editor\" data-id=\"c6d1da3\" data-element_type=\"widget\" data-e-type=\"widget\" data-widget_type=\"text-editor.default\">\n\t\t\t\t<div class=\"elementor-widget-container\">\n\t\t\t\t\t\t\t\t\t<p>Es ist wieder diese Star Wars-Sache. In der Schlussszene von &#8220;<em>Das Imperium schl\u00e4gt zur\u00fcck<\/em>&#8221; spricht Vader Luke Skywalker \u00fcberhaupt nicht mit seinem Namen an. Er sagt: <em>I am your father<\/em>, nicht: <em>Luke, I am your father<\/em>.   <\/p>\n\t\t\t\t\t\t\t\t<\/div>\n\t\t\t\t<\/div>\n\t\t\t\t<div class=\"elementor-element elementor-element-e95fe4a elementor-widget elementor-widget-image\" data-id=\"e95fe4a\" data-element_type=\"widget\" data-e-type=\"widget\" data-widget_type=\"image.default\">\n\t\t\t\t<div class=\"elementor-widget-container\">\n\t\t\t\t\t\t\t\t\t\t\t\t\t\t\t<img loading=\"lazy\" decoding=\"async\" width=\"280\" height=\"300\" src=\"https:\/\/botland.de\/blog\/wp-content\/uploads\/2021\/03\/vader-280x300.jpg\" class=\"attachment-medium size-medium wp-image-47630\" alt=\"\" srcset=\"https:\/\/botland.de\/blog\/wp-content\/uploads\/2021\/03\/vader-280x300.jpg 280w, https:\/\/botland.de\/blog\/wp-content\/uploads\/2021\/03\/vader.jpg 544w\" sizes=\"(max-width: 280px) 100vw, 280px\" \/>\t\t\t\t\t\t\t\t\t\t\t\t\t\t\t<\/div>\n\t\t\t\t<\/div>\n\t\t\t\t<div class=\"elementor-element elementor-element-9d0d738 elementor-widget elementor-widget-heading\" data-id=\"9d0d738\" data-element_type=\"widget\" data-e-type=\"widget\" data-widget_type=\"heading.default\">\n\t\t\t\t<div class=\"elementor-widget-container\">\n\t\t\t\t\t<h3 class=\"elementor-heading-title elementor-size-default\">6. Das Leben ist wie eine Schachtel Pralinen<\/h3>\t\t\t\t<\/div>\n\t\t\t\t<\/div>\n\t\t\t\t<div class=\"elementor-element elementor-element-cd33ee9 elementor-widget elementor-widget-text-editor\" data-id=\"cd33ee9\" data-element_type=\"widget\" data-e-type=\"widget\" data-widget_type=\"text-editor.default\">\n\t\t\t\t<div class=\"elementor-widget-container\">\n\t\t\t\t\t\t\t\t\t<p>Viele von uns erinnern sich an den Satz aus dem kultigen Film mit Tom Hanks in der Hauptrolle: <em>Das Leben ist wie eine Schachtel Pralinen<\/em> (ang. <em>Life is like a box of chocolates<\/em>). Forrest sagt stattdessen, dass das Leben wie eine Schachtel Pralinen <i>war<\/i>. Und was ist jetzt mit all den Zitaten auf Instagram?  <\/p>\n\t\t\t\t\t\t\t\t<\/div>\n\t\t\t\t<\/div>\n\t\t\t\t<div class=\"elementor-element elementor-element-6bb29c5 elementor-widget elementor-widget-image\" data-id=\"6bb29c5\" data-element_type=\"widget\" data-e-type=\"widget\" data-widget_type=\"image.default\">\n\t\t\t\t<div class=\"elementor-widget-container\">\n\t\t\t\t\t\t\t\t\t\t\t\t\t\t\t<img loading=\"lazy\" decoding=\"async\" width=\"280\" height=\"300\" src=\"https:\/\/botland.de\/blog\/wp-content\/uploads\/2021\/03\/forrest-280x300.jpg\" class=\"attachment-medium size-medium wp-image-47629\" alt=\"\" srcset=\"https:\/\/botland.de\/blog\/wp-content\/uploads\/2021\/03\/forrest-280x300.jpg 280w, https:\/\/botland.de\/blog\/wp-content\/uploads\/2021\/03\/forrest.jpg 544w\" sizes=\"(max-width: 280px) 100vw, 280px\" \/>\t\t\t\t\t\t\t\t\t\t\t\t\t\t\t<\/div>\n\t\t\t\t<\/div>\n\t\t\t\t<div class=\"elementor-element elementor-element-52eddcc elementor-widget elementor-widget-heading\" data-id=\"52eddcc\" data-element_type=\"widget\" data-e-type=\"widget\" data-widget_type=\"heading.default\">\n\t\t\t\t<div class=\"elementor-widget-container\">\n\t\t\t\t\t<h3 class=\"elementor-heading-title elementor-size-default\">7. polnischer Bonus, d.h. Zucker.... Welcher?<\/h3>\t\t\t\t<\/div>\n\t\t\t\t<\/div>\n\t\t\t\t<div class=\"elementor-element elementor-element-b09a41c elementor-widget elementor-widget-text-editor\" data-id=\"b09a41c\" data-element_type=\"widget\" data-e-type=\"widget\" data-widget_type=\"text-editor.default\">\n\t\t\t\t<div class=\"elementor-widget-container\">\n\t\t\t\t\t\t\t\t\t<p>Vanillin, nat\u00fcrlich. Was, du dachtest Vanille? <\/p>\n\t\t\t\t\t\t\t\t<\/div>\n\t\t\t\t<\/div>\n\t\t\t\t<div class=\"elementor-element elementor-element-e163b80 elementor-widget elementor-widget-image\" data-id=\"e163b80\" data-element_type=\"widget\" data-e-type=\"widget\" data-widget_type=\"image.default\">\n\t\t\t\t<div class=\"elementor-widget-container\">\n\t\t\t\t\t\t\t\t\t\t\t\t\t\t\t<img loading=\"lazy\" decoding=\"async\" width=\"264\" height=\"300\" src=\"https:\/\/botland.de\/blog\/wp-content\/uploads\/2021\/03\/cukier-wanilinowy-264x300.jpg\" class=\"attachment-medium size-medium wp-image-47628\" alt=\"\" srcset=\"https:\/\/botland.de\/blog\/wp-content\/uploads\/2021\/03\/cukier-wanilinowy-264x300.jpg 264w, https:\/\/botland.de\/blog\/wp-content\/uploads\/2021\/03\/cukier-wanilinowy-901x1024.jpg 901w, https:\/\/botland.de\/blog\/wp-content\/uploads\/2021\/03\/cukier-wanilinowy-768x873.jpg 768w, https:\/\/botland.de\/blog\/wp-content\/uploads\/2021\/03\/cukier-wanilinowy-1352x1536.jpg 1352w, https:\/\/botland.de\/blog\/wp-content\/uploads\/2021\/03\/cukier-wanilinowy-1803x2048.jpg 1803w, https:\/\/botland.de\/blog\/wp-content\/uploads\/2021\/03\/cukier-wanilinowy-640x727.jpg 640w\" sizes=\"(max-width: 264px) 100vw, 264px\" \/>\t\t\t\t\t\t\t\t\t\t\t\t\t\t\t<\/div>\n\t\t\t\t<\/div>\n\t\t\t\t\t<\/div>\n\t\t<\/div>\n\t\t\t\t\t<\/div>\n\t\t<\/section>\n\t\t\t\t<section class=\"elementor-section elementor-top-section elementor-element elementor-element-595f200 elementor-section-boxed elementor-section-height-default elementor-section-height-default\" data-id=\"595f200\" data-element_type=\"section\" data-e-type=\"section\">\n\t\t\t\t\t\t<div class=\"elementor-container elementor-column-gap-default\">\n\t\t\t\t\t<div class=\"elementor-column elementor-col-100 elementor-top-column elementor-element elementor-element-b1a940c\" data-id=\"b1a940c\" data-element_type=\"column\" data-e-type=\"column\">\n\t\t\t<div class=\"elementor-widget-wrap elementor-element-populated\">\n\t\t\t\t\t\t<div class=\"elementor-element elementor-element-1d476d4 elementor-widget elementor-widget-spacer\" data-id=\"1d476d4\" data-element_type=\"widget\" data-e-type=\"widget\" data-widget_type=\"spacer.default\">\n\t\t\t\t<div class=\"elementor-widget-container\">\n\t\t\t\t\t\t\t<div class=\"elementor-spacer\">\n\t\t\t<div class=\"elementor-spacer-inner\"><\/div>\n\t\t<\/div>\n\t\t\t\t\t\t<\/div>\n\t\t\t\t<\/div>\n\t\t\t\t<div class=\"elementor-element elementor-element-0e28b9d elementor-widget elementor-widget-heading\" data-id=\"0e28b9d\" data-element_type=\"widget\" data-e-type=\"widget\" data-widget_type=\"heading.default\">\n\t\t\t\t<div class=\"elementor-widget-container\">\n\t\t\t\t\t<h2 class=\"elementor-heading-title elementor-size-default\">8 Arten, wie falsche Erinnerungen entstehen<\/h2>\t\t\t\t<\/div>\n\t\t\t\t<\/div>\n\t\t\t\t<div class=\"elementor-element elementor-element-c517dba elementor-widget elementor-widget-text-editor\" data-id=\"c517dba\" data-element_type=\"widget\" data-e-type=\"widget\" data-widget_type=\"text-editor.default\">\n\t\t\t\t<div class=\"elementor-widget-container\">\n\t\t\t\t\t\t\t\t\t<div><span style=\"font-family: Roboto;\"> <\/span><\/div>\n<ul>\n<li><b>Fehlinformation. <\/b>Das Logische ist, dass wir mit falschen oder verzerrten Informationen gef\u00fcttert werden k\u00f6nnen. Dann wird ein ganz neues verarbeitetes Ged\u00e4chtnis geschaffen oder das Reale wird mit dem K\u00fcnstlichen vermischt.  <\/li>\n<li><b>Anregung<\/b>. Die Suggestion ist eine m\u00e4chtige Kraft. Wir schaffen neue falsche Erinnerungen unter dem Einfluss der Aufforderung einer anderen Person oder der gestellten Fragen. Zum Beispiel kann jemand fragen, ob ein Passant eine rote Maske trug. Wir bejahen die Frage, korrigieren uns dann aber schnell und sagen, sie sei schwarz gewesen. In Wirklichkeit trug der Passant keine Maske, aber es wurde die falsche Suggestion erweckt, er habe eine Maske getragen &#8211; egal welche.     <\/li>\n<li><b>Ungenaue Wahrnehmung<\/b>. Eine Art Verzerrung von Wahrnehmung und Erinnerung. Unsere Gehirne sind wie Computer. Sie speichern, was wir ihnen geben. Wenn es falsche Informationen erh\u00e4lt, speichert es auch diese. Die entstandenen L\u00fccken k\u00f6nnen sp\u00e4ter mit unseren eigenen Erinnerungen aufgef\u00fcllt werden.     <\/li>\n<li><b>Falsche Zuschreibung<\/b>. Im Ged\u00e4chtnis k\u00f6nnen wir Elemente verschiedener Ereignisse zu einem einzigen zusammenfassen. Wenn wir uns eine Erinnerung ins Ged\u00e4chtnis rufen, erinnern wir uns an die Ereignisse, die stattgefunden haben. Aber die Zeitachse ist mit einer ganzen Reihe von Ereignissen vermischt, die in unserem Ged\u00e4chtnis eine einzige Erinnerung bilden.   <\/li>\n<li> <b>Emotionen<\/b>. Das emotionale Ged\u00e4chtnis ist stark. Die Emotionen, die uns in einem bestimmten Moment begleiten, k\u00f6nnen einen erheblichen Einfluss darauf haben, wie und was im Ged\u00e4chtnis gespeichert wird. Auf der Website der National Library of Medicine ver\u00f6ffentlichte Forschungsergebnisse legen nahe, dass negative Emotionen zu mehr falschen Erinnerungen f\u00fchren als positive oder neutrale Emotionen.   <\/li>\n<li><b>Ein Augenzeuge zu sein<\/b>. Ja, auch wenn wir Zeugen eines Verbrechens oder eines Unfalls sind, ist unsere Aussage zwar wichtig, aber nicht beweiskr\u00e4ftig. Denn Experten und Strafverfolgungsbeamte wissen, dass Ged\u00e4chtnis und Erinnerung durch Suggestion, Zeitablauf, Stress und eigentlich fast alle Faktoren, die wir in diesem \u00dcberblick auflisten, ver\u00e4ndert werden k\u00f6nnen.    <\/li>\n<li><b>Trauma<\/b>. Menschen, die in der Vergangenheit ein Trauma, eine Depression oder schweren Stress erlebt haben, zum Beispiel eine posttraumatische Belastungsst\u00f6rung (ang. PTSD, <i>Post Traumatic Stress Disorder<\/i>), neigen eher dazu, falsche Erinnerungen zu erzeugen. Dies h\u00e4ngt mit der oben erw\u00e4hnten Tatsache zusammen, dass negative Ereignisse eher zu falschen Erinnerungen f\u00fchren als positive oder neutrale Ereignisse.    <\/li>\n<li><b>OCD. <\/b>Menschen mit Zwangsst\u00f6rungen (OCD) haben Ged\u00e4chtnisl\u00fccken oder ein geringes Selbstvertrauen. Sie neigen eher dazu, falsche Erinnerungen zu kreieren, weil sie kein Vertrauen in ihre eigenen haben. Dies f\u00fchrt oft zu sich wiederholendem, zwanghaftem Verhalten.   <\/li>\n<\/ul>\n\t\t\t\t\t\t\t\t<\/div>\n\t\t\t\t<\/div>\n\t\t\t\t<div class=\"elementor-element elementor-element-c88e59e elementor-widget elementor-widget-heading\" data-id=\"c88e59e\" data-element_type=\"widget\" data-e-type=\"widget\" data-widget_type=\"heading.default\">\n\t\t\t\t<div class=\"elementor-widget-container\">\n\t\t\t\t\t<h2 class=\"elementor-heading-title elementor-size-default\">Einatmen und ausatmen. Wir beruhigen. <\/h2>\t\t\t\t<\/div>\n\t\t\t\t<\/div>\n\t\t\t\t<section class=\"elementor-section elementor-inner-section elementor-element elementor-element-3b9d764 elementor-section-boxed elementor-section-height-default elementor-section-height-default\" data-id=\"3b9d764\" data-element_type=\"section\" data-e-type=\"section\">\n\t\t\t\t\t\t<div class=\"elementor-container elementor-column-gap-default\">\n\t\t\t\t\t<div class=\"elementor-column elementor-col-50 elementor-inner-column elementor-element elementor-element-896fb16\" data-id=\"896fb16\" data-element_type=\"column\" data-e-type=\"column\">\n\t\t\t<div class=\"elementor-widget-wrap elementor-element-populated\">\n\t\t\t\t\t\t<div class=\"elementor-element elementor-element-02d1327 elementor-widget elementor-widget-text-editor\" data-id=\"02d1327\" data-element_type=\"widget\" data-e-type=\"widget\" data-widget_type=\"text-editor.default\">\n\t\t\t\t<div class=\"elementor-widget-container\">\n\t\t\t\t\t\t\t\t\t<p>Falsche Erinnerungen sind keine Seltenheit. Jeder von uns hat sie. Sie reichen von kleinen und unbedeutenden Vorf\u00e4llen, wie z. B. dem Vorwurf, dass wir uns nicht in eine Liste eingetragen oder unsere Schl\u00fcssel auf dem Schreibtisch liegen gelassen haben, bis hin zu schwerwiegenden Vorf\u00e4llen, wie z. B. das Miterleben eines Verbrechens, der Versuch, eine emotionale Trennung oder das Gef\u00fchl der Zur\u00fcckweisung zu bew\u00e4ltigen &#8211; in der Regel ebenso schwerwiegend, und es ist schwierig, ihre Auswirkungen auf jeden von uns abzusch\u00e4tzen. Manche Menschen leiden eher darunter, andere entwickeln einen Plan, um damit umzugehen.    <\/p>\n<p>Die gute Nachricht ist, dass falsche Erinnerungen in der Regel harmlos sind und sogar zum Lachen anregen k\u00f6nnen, wenn sich unsere Geschichte mit der Erinnerung einer anderen Person \u00fcberschneidet. Es gibt jedoch F\u00e4lle, in denen die Schilderung von Ereignissen wie eine absichtlich erz\u00e4hlte L\u00fcge wirken kann.  <\/p>\n<p>Vielleicht ist es dann am besten, \u00fcberhaupt nichts zu sagen. <\/p>\n\t\t\t\t\t\t\t\t<\/div>\n\t\t\t\t<\/div>\n\t\t\t\t\t<\/div>\n\t\t<\/div>\n\t\t\t\t<div class=\"elementor-column elementor-col-50 elementor-inner-column elementor-element elementor-element-0447c56\" data-id=\"0447c56\" data-element_type=\"column\" data-e-type=\"column\">\n\t\t\t<div class=\"elementor-widget-wrap elementor-element-populated\">\n\t\t\t\t\t\t<div class=\"elementor-element elementor-element-c3f77a4 elementor-widget elementor-widget-image\" data-id=\"c3f77a4\" data-element_type=\"widget\" data-e-type=\"widget\" data-widget_type=\"image.default\">\n\t\t\t\t<div class=\"elementor-widget-container\">\n\t\t\t\t\t\t\t\t\t\t\t\t<figure class=\"wp-caption\">\n\t\t\t\t\t\t\t\t\t\t<img loading=\"lazy\" decoding=\"async\" width=\"270\" height=\"518\" src=\"https:\/\/botland.de\/blog\/wp-content\/uploads\/2021\/03\/mysli.jpg\" class=\"attachment-large size-large wp-image-47631\" alt=\"\" srcset=\"https:\/\/botland.de\/blog\/wp-content\/uploads\/2021\/03\/mysli.jpg 270w, https:\/\/botland.de\/blog\/wp-content\/uploads\/2021\/03\/mysli-156x300.jpg 156w\" sizes=\"(max-width: 270px) 100vw, 270px\" \/>\t\t\t\t\t\t\t\t\t\t\t<figcaption class=\"widget-image-caption wp-caption-text\">Ich habe es auf jeden Fall hier hingelegt....<\/figcaption>\n\t\t\t\t\t\t\t\t\t\t<\/figure>\n\t\t\t\t\t\t\t\t\t<\/div>\n\t\t\t\t<\/div>\n\t\t\t\t\t<\/div>\n\t\t<\/div>\n\t\t\t\t\t<\/div>\n\t\t<\/section>\n\t\t\t\t\t<\/div>\n\t\t<\/div>\n\t\t\t\t\t<\/div>\n\t\t<\/section>\n\t\t\t\t<section class=\"elementor-section elementor-top-section elementor-element elementor-element-968ed5c elementor-section-boxed elementor-section-height-default elementor-section-height-default\" data-id=\"968ed5c\" data-element_type=\"section\" data-e-type=\"section\">\n\t\t\t\t\t\t<div class=\"elementor-container elementor-column-gap-default\">\n\t\t\t\t\t<div class=\"elementor-column elementor-col-100 elementor-top-column elementor-element elementor-element-018eeb2\" data-id=\"018eeb2\" data-element_type=\"column\" data-e-type=\"column\">\n\t\t\t<div class=\"elementor-widget-wrap elementor-element-populated\">\n\t\t\t\t\t\t<div class=\"elementor-element elementor-element-0ebd933 elementor-widget elementor-widget-video\" data-id=\"0ebd933\" data-element_type=\"widget\" data-e-type=\"widget\" data-settings=\"{&quot;youtube_url&quot;:&quot;https:\\\/\\\/www.youtube.com\\\/watch?v=XC3ahd6Di3M&quot;,&quot;video_type&quot;:&quot;youtube&quot;,&quot;controls&quot;:&quot;yes&quot;}\" data-widget_type=\"video.default\">\n\t\t\t\t<div class=\"elementor-widget-container\">\n\t\t\t\t\t\t\t<div class=\"elementor-wrapper elementor-open-inline\">\n\t\t\t<div class=\"elementor-video\"><\/div>\t\t<\/div>\n\t\t\t\t\t\t<\/div>\n\t\t\t\t<\/div>\n\t\t\t\t\t<\/div>\n\t\t<\/div>\n\t\t\t\t\t<\/div>\n\t\t<\/section>\n\t\t\t\t<section class=\"elementor-section elementor-top-section elementor-element elementor-element-74f2aa9 elementor-section-boxed elementor-section-height-default elementor-section-height-default\" data-id=\"74f2aa9\" data-element_type=\"section\" data-e-type=\"section\">\n\t\t\t\t\t\t<div class=\"elementor-container elementor-column-gap-default\">\n\t\t\t\t\t<div class=\"elementor-column elementor-col-100 elementor-top-column elementor-element elementor-element-4c27771\" data-id=\"4c27771\" data-element_type=\"column\" data-e-type=\"column\">\n\t\t\t<div class=\"elementor-widget-wrap elementor-element-populated\">\n\t\t\t\t\t\t<div class=\"elementor-element elementor-element-4910897 elementor-widget elementor-widget-text-editor\" data-id=\"4910897\" data-element_type=\"widget\" data-e-type=\"widget\" data-widget_type=\"text-editor.default\">\n\t\t\t\t<div class=\"elementor-widget-container\">\n\t\t\t\t\t\t\t\t\t<div id=\"k-faq-accord\">\n<h2>Der Mandela-Effekt &#8211; FAQ<\/h2>\n\n<div class=\"tabs\" itemscope=\"\" itemtype=\"https:\/\/schema.org\/FAQPage\">\n<div class=\"tab\" itemprop=\"mainEntity\" itemscope=\"\" itemtype=\"https:\/\/schema.org\/Question\"><input id=\"chck1\" type=\"checkbox\">\n<h3><label class=\"tab-label\" itemprop=\"name\" for=\"chck1\">Was ist der Mandela-Effekt?<label><\/h3>\n<div class=\"tab-content\" itemprop=\"acceptedAnswer\" itemscope=\"\" itemtype=\"https:\/\/schema.org\/Answer\">\n\n<div itemprop=\"text\">Der Mandela-Effekt ist ein seit Jahren bekanntes Ph\u00e4nomen, das darin besteht, dass eine (manchmal sehr gro\u00dfe) Gruppe von Menschen sich an etwas (z. B. ein Ereignis) anders erinnert, als es tats\u00e4chlich geschehen ist. Oftmals sind diese Personen in keiner Weise miteinander verwandt. Der Name Mandela-Effekt hat seine Wurzeln in den USA. Ein gro\u00dfer Teil der Amerikaner glaubt, dass Nelson Mandela in den 1980er Jahren gestorben ist. In Wirklichkeit ist er jedoch 2013 gestorben.    \n<\/div>\n\n<\/div>\n<\/div>\n\n<div class=\"tab\" itemprop=\"mainEntity\" itemscope=\"\" itemtype=\"https:\/\/schema.org\/Question\"><input id=\"chck2\" type=\"checkbox\">\n<h3><label class=\"tab-label\" itemprop=\"name\" for=\"chck2\">Beispiele f\u00fcr den Mandela-Effekt.<\/label><\/h3>\n<div class=\"tab-content\" itemprop=\"acceptedAnswer\" itemscope=\"\" itemtype=\"https:\/\/schema.org\/Answer\">\n\n<div itemprop=\"text\">Das Paradebeispiel ist Nelson Mandela. Eine gro\u00dfe Gruppe von Amerikanern war davon \u00fcberzeugt, dass der Politiker sein Leben in den 1980er Jahren im Gef\u00e4ngnis beendet hat. Die Fakten sind jedoch anders. Nelson Mandela starb im Jahr 2013. Ein weiteres Beispiel ist das Bild des Mannes auf dem Spiel Monopoly. Eine gro\u00dfe Gruppe von Menschen glaubt, dass er ein Monokel tr\u00e4gt. In Wirklichkeit tut er das nicht. Wir empfehlen Ihnen, den <a href=\"https:\/\/botland.de\/blog\/falsches-gedaechtnis-und-seine-spielchen-der-mandela-effekt\/\" data-wpel-link=\"internal\">Artikel<\/a> zu lesen, der in unserem Blog ver\u00f6ffentlicht wurde.        Er bietet eine Reihe wertvoller Informationen \u00fcber den Mandela-Effekt.\n<\/div>\n\n<\/div>\n<\/div>\n<\/div>\n<\/div>\t\t\t\t\t\t\t\t<\/div>\n\t\t\t\t<\/div>\n\t\t\t\t\t<\/div>\n\t\t<\/div>\n\t\t\t\t\t<\/div>\n\t\t<\/section>\n\t\t\t\t<\/div>\n\t\t","protected":false},"excerpt":{"rendered":"<p>Der Mandela-Effekt ist ein ungew\u00f6hnliches Ph\u00e4nomen, bei dem sich eine gro\u00dfe Gruppe von Menschen an etwas anders erinnert, als es geschehen ist. Ist es kollektive Amnesie oder sind es Paralleluniversen? Was ist hier eigentlich los und warum passiert das?<\/p>\n","protected":false},"author":10,"featured_media":61599,"comment_status":"closed","ping_status":"closed","sticky":false,"template":"","format":"standard","meta":{"_acf_changed":false,"footnotes":""},"categories":[469],"tags":[],"class_list":["post-51669","post","type-post","status-publish","format-standard","has-post-thumbnail","hentry","category-wissenswertes"],"acf":[],"yoast_head":"<!-- This site is optimized with the Yoast SEO plugin v27.4 - https:\/\/yoast.com\/product\/yoast-seo-wordpress\/ -->\n<title>Falsches Ged\u00e4chtnis und seine Spielchen. Der Mandela-Effekt - Botland<\/title>\n<meta name=\"description\" content=\"Der Mandela-Effekt ist ein ungew\u00f6hnliches Ph\u00e4nomen, bei dem sich eine gro\u00dfe Gruppe von Menschen an etwas anders erinnert, als es geschehen ist. Kollektive Amnesie, Paralleluniversen? Was ist hier eigentlich los?\" \/>\n<meta name=\"robots\" content=\"index, follow, max-snippet:-1, max-image-preview:large, max-video-preview:-1\" \/>\n<link rel=\"canonical\" href=\"https:\/\/botland.de\/blog\/falsches-gedaechtnis-und-seine-spielchen-der-mandela-effekt\/\" \/>\n<meta property=\"og:locale\" content=\"de_DE\" \/>\n<meta property=\"og:type\" content=\"article\" \/>\n<meta property=\"og:title\" content=\"Falsches Ged\u00e4chtnis und seine Spielchen. Der Mandela-Effekt - Botland\" \/>\n<meta property=\"og:description\" content=\"Der Mandela-Effekt ist ein ungew\u00f6hnliches Ph\u00e4nomen, bei dem sich eine gro\u00dfe Gruppe von Menschen an etwas anders erinnert, als es geschehen ist. Kollektive Amnesie, Paralleluniversen? Was ist hier eigentlich los?\" \/>\n<meta property=\"og:url\" content=\"https:\/\/botland.de\/blog\/falsches-gedaechtnis-und-seine-spielchen-der-mandela-effekt\/\" \/>\n<meta property=\"og:site_name\" content=\"Botland\" \/>\n<meta property=\"article:publisher\" content=\"https:\/\/facebook.com\/Botland\/\" \/>\n<meta property=\"article:published_time\" content=\"2023-03-03T07:15:23+00:00\" \/>\n<meta property=\"article:modified_time\" content=\"2024-07-24T10:29:26+00:00\" \/>\n<meta property=\"og:image\" content=\"https:\/\/botland.de\/blog\/wp-content\/uploads\/2023\/05\/new2023-9-12.jpg\" \/>\n\t<meta property=\"og:image:width\" content=\"1510\" \/>\n\t<meta property=\"og:image:height\" content=\"755\" \/>\n\t<meta property=\"og:image:type\" content=\"image\/jpeg\" \/>\n<meta name=\"author\" content=\"Oskar Pacelt\" \/>\n<meta name=\"twitter:card\" content=\"summary_large_image\" \/>\n<meta name=\"twitter:label1\" content=\"Verfasst von\" \/>\n\t<meta name=\"twitter:data1\" content=\"Oskar Pacelt\" \/>\n\t<meta name=\"twitter:label2\" content=\"Gesch\u00e4tzte Lesezeit\" \/>\n\t<meta name=\"twitter:data2\" content=\"16\u00a0Minuten\" \/>\n<script type=\"application\/ld+json\" class=\"yoast-schema-graph\">{\"@context\":\"https:\\\/\\\/schema.org\",\"@graph\":[{\"@type\":\"Article\",\"@id\":\"https:\\\/\\\/botland.de\\\/blog\\\/falsches-gedaechtnis-und-seine-spielchen-der-mandela-effekt\\\/#article\",\"isPartOf\":{\"@id\":\"https:\\\/\\\/botland.de\\\/blog\\\/falsches-gedaechtnis-und-seine-spielchen-der-mandela-effekt\\\/\"},\"author\":{\"name\":\"Oskar Pacelt\",\"@id\":\"https:\\\/\\\/botland.de\\\/blog\\\/#\\\/schema\\\/person\\\/54e9a88fc0d20263f2d6e9b2f4eace11\"},\"headline\":\"Falsches Ged\u00e4chtnis und seine Spielchen. Der Mandela-Effekt\",\"datePublished\":\"2023-03-03T07:15:23+00:00\",\"dateModified\":\"2024-07-24T10:29:26+00:00\",\"mainEntityOfPage\":{\"@id\":\"https:\\\/\\\/botland.de\\\/blog\\\/falsches-gedaechtnis-und-seine-spielchen-der-mandela-effekt\\\/\"},\"wordCount\":2587,\"publisher\":{\"@id\":\"https:\\\/\\\/botland.de\\\/blog\\\/#organization\"},\"image\":{\"@id\":\"https:\\\/\\\/botland.de\\\/blog\\\/falsches-gedaechtnis-und-seine-spielchen-der-mandela-effekt\\\/#primaryimage\"},\"thumbnailUrl\":\"https:\\\/\\\/botland.de\\\/blog\\\/wp-content\\\/uploads\\\/2023\\\/05\\\/new2023-9-12.jpg\",\"articleSection\":[\"Wissenswertes\"],\"inLanguage\":\"de\"},{\"@type\":\"WebPage\",\"@id\":\"https:\\\/\\\/botland.de\\\/blog\\\/falsches-gedaechtnis-und-seine-spielchen-der-mandela-effekt\\\/\",\"url\":\"https:\\\/\\\/botland.de\\\/blog\\\/falsches-gedaechtnis-und-seine-spielchen-der-mandela-effekt\\\/\",\"name\":\"Falsches Ged\u00e4chtnis und seine Spielchen. Der Mandela-Effekt - Botland\",\"isPartOf\":{\"@id\":\"https:\\\/\\\/botland.de\\\/blog\\\/#website\"},\"primaryImageOfPage\":{\"@id\":\"https:\\\/\\\/botland.de\\\/blog\\\/falsches-gedaechtnis-und-seine-spielchen-der-mandela-effekt\\\/#primaryimage\"},\"image\":{\"@id\":\"https:\\\/\\\/botland.de\\\/blog\\\/falsches-gedaechtnis-und-seine-spielchen-der-mandela-effekt\\\/#primaryimage\"},\"thumbnailUrl\":\"https:\\\/\\\/botland.de\\\/blog\\\/wp-content\\\/uploads\\\/2023\\\/05\\\/new2023-9-12.jpg\",\"datePublished\":\"2023-03-03T07:15:23+00:00\",\"dateModified\":\"2024-07-24T10:29:26+00:00\",\"description\":\"Der Mandela-Effekt ist ein ungew\u00f6hnliches Ph\u00e4nomen, bei dem sich eine gro\u00dfe Gruppe von Menschen an etwas anders erinnert, als es geschehen ist. Kollektive Amnesie, Paralleluniversen? Was ist hier eigentlich los?\",\"breadcrumb\":{\"@id\":\"https:\\\/\\\/botland.de\\\/blog\\\/falsches-gedaechtnis-und-seine-spielchen-der-mandela-effekt\\\/#breadcrumb\"},\"inLanguage\":\"de\",\"potentialAction\":[{\"@type\":\"ReadAction\",\"target\":[\"https:\\\/\\\/botland.de\\\/blog\\\/falsches-gedaechtnis-und-seine-spielchen-der-mandela-effekt\\\/\"]}]},{\"@type\":\"ImageObject\",\"inLanguage\":\"de\",\"@id\":\"https:\\\/\\\/botland.de\\\/blog\\\/falsches-gedaechtnis-und-seine-spielchen-der-mandela-effekt\\\/#primaryimage\",\"url\":\"https:\\\/\\\/botland.de\\\/blog\\\/wp-content\\\/uploads\\\/2023\\\/05\\\/new2023-9-12.jpg\",\"contentUrl\":\"https:\\\/\\\/botland.de\\\/blog\\\/wp-content\\\/uploads\\\/2023\\\/05\\\/new2023-9-12.jpg\",\"width\":1510,\"height\":755},{\"@type\":\"BreadcrumbList\",\"@id\":\"https:\\\/\\\/botland.de\\\/blog\\\/falsches-gedaechtnis-und-seine-spielchen-der-mandela-effekt\\\/#breadcrumb\",\"itemListElement\":[{\"@type\":\"ListItem\",\"position\":1,\"name\":\"Strona g\u0142\u00f3wna\",\"item\":\"https:\\\/\\\/botland.de\\\/blog\\\/\"},{\"@type\":\"ListItem\",\"position\":2,\"name\":\"Falsches Ged\u00e4chtnis und seine Spielchen. Der Mandela-Effekt\"}]},{\"@type\":\"WebSite\",\"@id\":\"https:\\\/\\\/botland.de\\\/blog\\\/#website\",\"url\":\"https:\\\/\\\/botland.de\\\/blog\\\/\",\"name\":\"Botland\",\"description\":\"Blog Raspberry Pi, Arduino, elektronika i robotyka - Botland\",\"publisher\":{\"@id\":\"https:\\\/\\\/botland.de\\\/blog\\\/#organization\"},\"potentialAction\":[{\"@type\":\"SearchAction\",\"target\":{\"@type\":\"EntryPoint\",\"urlTemplate\":\"https:\\\/\\\/botland.de\\\/blog\\\/?s={search_term_string}\"},\"query-input\":{\"@type\":\"PropertyValueSpecification\",\"valueRequired\":true,\"valueName\":\"search_term_string\"}}],\"inLanguage\":\"de\"},{\"@type\":\"Organization\",\"@id\":\"https:\\\/\\\/botland.de\\\/blog\\\/#organization\",\"name\":\"Botland\",\"url\":\"https:\\\/\\\/botland.de\\\/blog\\\/\",\"logo\":{\"@type\":\"ImageObject\",\"inLanguage\":\"de\",\"@id\":\"https:\\\/\\\/botland.de\\\/blog\\\/#\\\/schema\\\/logo\\\/image\\\/\",\"url\":\"https:\\\/\\\/botland.store\\\/blog\\\/wp-content\\\/uploads\\\/2018\\\/04\\\/logo_kolor_WP_2-1.png\",\"contentUrl\":\"https:\\\/\\\/botland.store\\\/blog\\\/wp-content\\\/uploads\\\/2018\\\/04\\\/logo_kolor_WP_2-1.png\",\"width\":250,\"height\":57,\"caption\":\"Botland\"},\"image\":{\"@id\":\"https:\\\/\\\/botland.de\\\/blog\\\/#\\\/schema\\\/logo\\\/image\\\/\"},\"sameAs\":[\"https:\\\/\\\/facebook.com\\\/Botland\\\/\"]},{\"@type\":\"Person\",\"@id\":\"https:\\\/\\\/botland.de\\\/blog\\\/#\\\/schema\\\/person\\\/54e9a88fc0d20263f2d6e9b2f4eace11\",\"name\":\"Oskar Pacelt\",\"image\":{\"@type\":\"ImageObject\",\"inLanguage\":\"de\",\"@id\":\"https:\\\/\\\/botland.de\\\/blog\\\/wp-content\\\/uploads\\\/2020\\\/09\\\/Oskar-Pacelt-150x150.png\",\"url\":\"https:\\\/\\\/botland.de\\\/blog\\\/wp-content\\\/uploads\\\/2020\\\/09\\\/Oskar-Pacelt-150x150.png\",\"contentUrl\":\"https:\\\/\\\/botland.de\\\/blog\\\/wp-content\\\/uploads\\\/2020\\\/09\\\/Oskar-Pacelt-150x150.png\",\"caption\":\"Oskar Pacelt\"},\"description\":\"Fan dobrej literatury i muzyki. Wierzy, \u017ce udany tekst jest jak list wys\u0142any w przysz\u0142o\u015b\u0107. W \u017cyciu najbardziej interesuje go prawda, pozosta\u0142ych zainteresowa\u0144 zliczy\u0107 nie spos\u00f3b. Kocha p\u0142ywa\u0107.\",\"url\":\"https:\\\/\\\/botland.de\\\/blog\\\/author\\\/oskar\\\/\"}]}<\/script>\n<!-- \/ Yoast SEO plugin. -->","yoast_head_json":{"title":"Falsches Ged\u00e4chtnis und seine Spielchen. Der Mandela-Effekt - Botland","description":"Der Mandela-Effekt ist ein ungew\u00f6hnliches Ph\u00e4nomen, bei dem sich eine gro\u00dfe Gruppe von Menschen an etwas anders erinnert, als es geschehen ist. Kollektive Amnesie, Paralleluniversen? Was ist hier eigentlich los?","robots":{"index":"index","follow":"follow","max-snippet":"max-snippet:-1","max-image-preview":"max-image-preview:large","max-video-preview":"max-video-preview:-1"},"canonical":"https:\/\/botland.de\/blog\/falsches-gedaechtnis-und-seine-spielchen-der-mandela-effekt\/","og_locale":"de_DE","og_type":"article","og_title":"Falsches Ged\u00e4chtnis und seine Spielchen. Der Mandela-Effekt - Botland","og_description":"Der Mandela-Effekt ist ein ungew\u00f6hnliches Ph\u00e4nomen, bei dem sich eine gro\u00dfe Gruppe von Menschen an etwas anders erinnert, als es geschehen ist. Kollektive Amnesie, Paralleluniversen? Was ist hier eigentlich los?","og_url":"https:\/\/botland.de\/blog\/falsches-gedaechtnis-und-seine-spielchen-der-mandela-effekt\/","og_site_name":"Botland","article_publisher":"https:\/\/facebook.com\/Botland\/","article_published_time":"2023-03-03T07:15:23+00:00","article_modified_time":"2024-07-24T10:29:26+00:00","og_image":[{"width":1510,"height":755,"url":"https:\/\/botland.de\/blog\/wp-content\/uploads\/2023\/05\/new2023-9-12.jpg","type":"image\/jpeg"}],"author":"Oskar Pacelt","twitter_card":"summary_large_image","twitter_misc":{"Verfasst von":"Oskar Pacelt","Gesch\u00e4tzte Lesezeit":"16\u00a0Minuten"},"schema":{"@context":"https:\/\/schema.org","@graph":[{"@type":"Article","@id":"https:\/\/botland.de\/blog\/falsches-gedaechtnis-und-seine-spielchen-der-mandela-effekt\/#article","isPartOf":{"@id":"https:\/\/botland.de\/blog\/falsches-gedaechtnis-und-seine-spielchen-der-mandela-effekt\/"},"author":{"name":"Oskar Pacelt","@id":"https:\/\/botland.de\/blog\/#\/schema\/person\/54e9a88fc0d20263f2d6e9b2f4eace11"},"headline":"Falsches Ged\u00e4chtnis und seine Spielchen. Der Mandela-Effekt","datePublished":"2023-03-03T07:15:23+00:00","dateModified":"2024-07-24T10:29:26+00:00","mainEntityOfPage":{"@id":"https:\/\/botland.de\/blog\/falsches-gedaechtnis-und-seine-spielchen-der-mandela-effekt\/"},"wordCount":2587,"publisher":{"@id":"https:\/\/botland.de\/blog\/#organization"},"image":{"@id":"https:\/\/botland.de\/blog\/falsches-gedaechtnis-und-seine-spielchen-der-mandela-effekt\/#primaryimage"},"thumbnailUrl":"https:\/\/botland.de\/blog\/wp-content\/uploads\/2023\/05\/new2023-9-12.jpg","articleSection":["Wissenswertes"],"inLanguage":"de"},{"@type":"WebPage","@id":"https:\/\/botland.de\/blog\/falsches-gedaechtnis-und-seine-spielchen-der-mandela-effekt\/","url":"https:\/\/botland.de\/blog\/falsches-gedaechtnis-und-seine-spielchen-der-mandela-effekt\/","name":"Falsches Ged\u00e4chtnis und seine Spielchen. Der Mandela-Effekt - Botland","isPartOf":{"@id":"https:\/\/botland.de\/blog\/#website"},"primaryImageOfPage":{"@id":"https:\/\/botland.de\/blog\/falsches-gedaechtnis-und-seine-spielchen-der-mandela-effekt\/#primaryimage"},"image":{"@id":"https:\/\/botland.de\/blog\/falsches-gedaechtnis-und-seine-spielchen-der-mandela-effekt\/#primaryimage"},"thumbnailUrl":"https:\/\/botland.de\/blog\/wp-content\/uploads\/2023\/05\/new2023-9-12.jpg","datePublished":"2023-03-03T07:15:23+00:00","dateModified":"2024-07-24T10:29:26+00:00","description":"Der Mandela-Effekt ist ein ungew\u00f6hnliches Ph\u00e4nomen, bei dem sich eine gro\u00dfe Gruppe von Menschen an etwas anders erinnert, als es geschehen ist. Kollektive Amnesie, Paralleluniversen? Was ist hier eigentlich los?","breadcrumb":{"@id":"https:\/\/botland.de\/blog\/falsches-gedaechtnis-und-seine-spielchen-der-mandela-effekt\/#breadcrumb"},"inLanguage":"de","potentialAction":[{"@type":"ReadAction","target":["https:\/\/botland.de\/blog\/falsches-gedaechtnis-und-seine-spielchen-der-mandela-effekt\/"]}]},{"@type":"ImageObject","inLanguage":"de","@id":"https:\/\/botland.de\/blog\/falsches-gedaechtnis-und-seine-spielchen-der-mandela-effekt\/#primaryimage","url":"https:\/\/botland.de\/blog\/wp-content\/uploads\/2023\/05\/new2023-9-12.jpg","contentUrl":"https:\/\/botland.de\/blog\/wp-content\/uploads\/2023\/05\/new2023-9-12.jpg","width":1510,"height":755},{"@type":"BreadcrumbList","@id":"https:\/\/botland.de\/blog\/falsches-gedaechtnis-und-seine-spielchen-der-mandela-effekt\/#breadcrumb","itemListElement":[{"@type":"ListItem","position":1,"name":"Strona g\u0142\u00f3wna","item":"https:\/\/botland.de\/blog\/"},{"@type":"ListItem","position":2,"name":"Falsches Ged\u00e4chtnis und seine Spielchen. Der Mandela-Effekt"}]},{"@type":"WebSite","@id":"https:\/\/botland.de\/blog\/#website","url":"https:\/\/botland.de\/blog\/","name":"Botland","description":"Blog Raspberry Pi, Arduino, elektronika i robotyka - Botland","publisher":{"@id":"https:\/\/botland.de\/blog\/#organization"},"potentialAction":[{"@type":"SearchAction","target":{"@type":"EntryPoint","urlTemplate":"https:\/\/botland.de\/blog\/?s={search_term_string}"},"query-input":{"@type":"PropertyValueSpecification","valueRequired":true,"valueName":"search_term_string"}}],"inLanguage":"de"},{"@type":"Organization","@id":"https:\/\/botland.de\/blog\/#organization","name":"Botland","url":"https:\/\/botland.de\/blog\/","logo":{"@type":"ImageObject","inLanguage":"de","@id":"https:\/\/botland.de\/blog\/#\/schema\/logo\/image\/","url":"https:\/\/botland.store\/blog\/wp-content\/uploads\/2018\/04\/logo_kolor_WP_2-1.png","contentUrl":"https:\/\/botland.store\/blog\/wp-content\/uploads\/2018\/04\/logo_kolor_WP_2-1.png","width":250,"height":57,"caption":"Botland"},"image":{"@id":"https:\/\/botland.de\/blog\/#\/schema\/logo\/image\/"},"sameAs":["https:\/\/facebook.com\/Botland\/"]},{"@type":"Person","@id":"https:\/\/botland.de\/blog\/#\/schema\/person\/54e9a88fc0d20263f2d6e9b2f4eace11","name":"Oskar Pacelt","image":{"@type":"ImageObject","inLanguage":"de","@id":"https:\/\/botland.de\/blog\/wp-content\/uploads\/2020\/09\/Oskar-Pacelt-150x150.png","url":"https:\/\/botland.de\/blog\/wp-content\/uploads\/2020\/09\/Oskar-Pacelt-150x150.png","contentUrl":"https:\/\/botland.de\/blog\/wp-content\/uploads\/2020\/09\/Oskar-Pacelt-150x150.png","caption":"Oskar Pacelt"},"description":"Fan dobrej literatury i muzyki. Wierzy, \u017ce udany tekst jest jak list wys\u0142any w przysz\u0142o\u015b\u0107. W \u017cyciu najbardziej interesuje go prawda, pozosta\u0142ych zainteresowa\u0144 zliczy\u0107 nie spos\u00f3b. Kocha p\u0142ywa\u0107.","url":"https:\/\/botland.de\/blog\/author\/oskar\/"}]}},"_links":{"self":[{"href":"https:\/\/botland.de\/blog\/wp-json\/wp\/v2\/posts\/51669","targetHints":{"allow":["GET"]}}],"collection":[{"href":"https:\/\/botland.de\/blog\/wp-json\/wp\/v2\/posts"}],"about":[{"href":"https:\/\/botland.de\/blog\/wp-json\/wp\/v2\/types\/post"}],"author":[{"embeddable":true,"href":"https:\/\/botland.de\/blog\/wp-json\/wp\/v2\/users\/10"}],"replies":[{"embeddable":true,"href":"https:\/\/botland.de\/blog\/wp-json\/wp\/v2\/comments?post=51669"}],"version-history":[{"count":0,"href":"https:\/\/botland.de\/blog\/wp-json\/wp\/v2\/posts\/51669\/revisions"}],"wp:featuredmedia":[{"embeddable":true,"href":"https:\/\/botland.de\/blog\/wp-json\/wp\/v2\/media\/61599"}],"wp:attachment":[{"href":"https:\/\/botland.de\/blog\/wp-json\/wp\/v2\/media?parent=51669"}],"wp:term":[{"taxonomy":"category","embeddable":true,"href":"https:\/\/botland.de\/blog\/wp-json\/wp\/v2\/categories?post=51669"},{"taxonomy":"post_tag","embeddable":true,"href":"https:\/\/botland.de\/blog\/wp-json\/wp\/v2\/tags?post=51669"}],"curies":[{"name":"wp","href":"https:\/\/api.w.org\/{rel}","templated":true}]}}